{"id":1138,"date":"2021-06-07T11:31:02","date_gmt":"2021-06-07T16:31:02","guid":{"rendered":"https:\/\/kishwar-ecuador.org\/apoyando-al-fortalecimiento-de-la-organizacion-de-mujeres-kichwas-en-rumicruz-parte-2\/"},"modified":"2021-06-07T12:22:45","modified_gmt":"2021-06-07T17:22:45","slug":"apoyando-al-fortalecimiento-de-la-organizacion-de-mujeres-kichwas-en-rumicruz-parte-2","status":"publish","type":"post","link":"https:\/\/kishwar-ecuador.org\/de\/apoyando-al-fortalecimiento-de-la-organizacion-de-mujeres-kichwas-en-rumicruz-parte-2\/","title":{"rendered":"St\u00e4rkung der Identit\u00e4t \u2013 Organisation der Kichwa-Frauen \u2013 Teil 2"},"content":{"rendered":"\n<p>Im November fanden die ersten Kontakte und Treffen in der Gemeinde Rumicruz in der Provinz Chimborazo statt. Seither fanden &#8211; ausser in der Karnevalszeit &#8211; jeden Dienstag Workshops statt. Wie im Projektbeschrieb KIPI festgehalten, geht es in diesem Prozess darum zu den Wurzeln der eigenen kulturellen Identit\u00e4t zu finden, indem traditionelles Wissen und die F\u00e4higkeiten anhand von Geschichten und Alltagserfahrungen vertieft werden. So liess beispielsweise der Geschichtenerz\u00e4hler Rafico die Geschichte der \u201eEism\u00e4nner&#8220; aufleben, die Eis vom Chimborazo holten und in die St\u00e4dte brachten. Die Zeit des Zuh\u00f6rens war und ist insbesondere auch f\u00fcr die Kinder wichtig. An einer grossen Wand des im Bau befindlichen Restaurants wird in einem grossen Gemeinschaftsbild das Geh\u00f6rte ausgedr\u00fcckt. An diesem Bild wird \u00fcber eine l\u00e4ngere Zeit immer wieder gearbeitet und soll ein Anziehungspunkt f\u00fcr das Gemeinde-Tourismusprojekt werden.\u00a0<\/p>\n\n\n\n<figure class=\"wp-block-gallery columns-1 is-cropped wp-block-gallery-1 is-layout-flex wp-block-gallery-is-layout-flex\"><ul class=\"blocks-gallery-grid\"><li class=\"blocks-gallery-item\"><figure><img loading=\"lazy\" decoding=\"async\" width=\"1024\" height=\"631\" src=\"https:\/\/kishwar-ecuador.org\/wp-content\/uploads\/2021\/06\/01-primero-dejar-los-animales-y-luego-venir-al-taller-1024x631.jpg\" alt=\"\" data-id=\"1133\" data-full-url=\"https:\/\/kishwar-ecuador.org\/wp-content\/uploads\/2021\/06\/01-primero-dejar-los-animales-y-luego-venir-al-taller.jpg\" data-link=\"https:\/\/kishwar-ecuador.org\/01-primero-dejar-los-animales-y-luego-venir-al-taller\/\" class=\"wp-image-1133\" srcset=\"https:\/\/kishwar-ecuador.org\/wp-content\/uploads\/2021\/06\/01-primero-dejar-los-animales-y-luego-venir-al-taller-1024x631.jpg 1024w, https:\/\/kishwar-ecuador.org\/wp-content\/uploads\/2021\/06\/01-primero-dejar-los-animales-y-luego-venir-al-taller-300x185.jpg 300w, https:\/\/kishwar-ecuador.org\/wp-content\/uploads\/2021\/06\/01-primero-dejar-los-animales-y-luego-venir-al-taller-768x473.jpg 768w, https:\/\/kishwar-ecuador.org\/wp-content\/uploads\/2021\/06\/01-primero-dejar-los-animales-y-luego-venir-al-taller-1536x946.jpg 1536w, https:\/\/kishwar-ecuador.org\/wp-content\/uploads\/2021\/06\/01-primero-dejar-los-animales-y-luego-venir-al-taller-2048x1262.jpg 2048w, https:\/\/kishwar-ecuador.org\/wp-content\/uploads\/2021\/06\/01-primero-dejar-los-animales-y-luego-venir-al-taller-100x62.jpg 100w, https:\/\/kishwar-ecuador.org\/wp-content\/uploads\/2021\/06\/01-primero-dejar-los-animales-y-luego-venir-al-taller-1384x853.jpg 1384w\" sizes=\"auto, (max-width: 1024px) 100vw, 1024px\" \/><figcaption class=\"blocks-gallery-item__caption\"><strong>Zuerst die Tiere auf die Weide bringen. Die Workshops beginnen jeweils morgens um 8 Uhr und dauern bis 15 Uhr.<\/strong><\/figcaption><\/figure><\/li><li class=\"blocks-gallery-item\"><figure><img loading=\"lazy\" decoding=\"async\" width=\"1024\" height=\"970\" src=\"https:\/\/kishwar-ecuador.org\/wp-content\/uploads\/2021\/06\/02-mujeres-leyendo-sobre-historias-de-mujeres-1024x970.jpg\" alt=\"\" data-id=\"1131\" data-full-url=\"https:\/\/kishwar-ecuador.org\/wp-content\/uploads\/2021\/06\/02-mujeres-leyendo-sobre-historias-de-mujeres.jpg\" data-link=\"https:\/\/kishwar-ecuador.org\/02-mujeres-leyendo-sobre-historias-de-mujeres\/\" class=\"wp-image-1131\" srcset=\"https:\/\/kishwar-ecuador.org\/wp-content\/uploads\/2021\/06\/02-mujeres-leyendo-sobre-historias-de-mujeres-1024x970.jpg 1024w, https:\/\/kishwar-ecuador.org\/wp-content\/uploads\/2021\/06\/02-mujeres-leyendo-sobre-historias-de-mujeres-300x284.jpg 300w, https:\/\/kishwar-ecuador.org\/wp-content\/uploads\/2021\/06\/02-mujeres-leyendo-sobre-historias-de-mujeres-768x727.jpg 768w, https:\/\/kishwar-ecuador.org\/wp-content\/uploads\/2021\/06\/02-mujeres-leyendo-sobre-historias-de-mujeres-1536x1455.jpg 1536w, https:\/\/kishwar-ecuador.org\/wp-content\/uploads\/2021\/06\/02-mujeres-leyendo-sobre-historias-de-mujeres-2048x1940.jpg 2048w, https:\/\/kishwar-ecuador.org\/wp-content\/uploads\/2021\/06\/02-mujeres-leyendo-sobre-historias-de-mujeres-100x95.jpg 100w, https:\/\/kishwar-ecuador.org\/wp-content\/uploads\/2021\/06\/02-mujeres-leyendo-sobre-historias-de-mujeres-1384x1311.jpg 1384w\" sizes=\"auto, (max-width: 1024px) 100vw, 1024px\" \/><figcaption class=\"blocks-gallery-item__caption\"><strong>rauen, die ein Buch \u00fcber die Geschichte der Kichwa-Frauen lesen und \u00fcber die Kultur, das Wissen und die Erfahrung der Gemeinschaft reflektieren.<\/strong><\/figcaption><\/figure><\/li><li class=\"blocks-gallery-item\"><figure><img loading=\"lazy\" decoding=\"async\" width=\"675\" height=\"1024\" src=\"https:\/\/kishwar-ecuador.org\/wp-content\/uploads\/2021\/06\/03-Rafico-el-contador-de-Historias-675x1024.jpg\" alt=\"\" data-id=\"1129\" data-full-url=\"https:\/\/kishwar-ecuador.org\/wp-content\/uploads\/2021\/06\/03-Rafico-el-contador-de-Historias-scaled.jpg\" data-link=\"https:\/\/kishwar-ecuador.org\/03-rafico-el-contador-de-historias\/\" class=\"wp-image-1129\" srcset=\"https:\/\/kishwar-ecuador.org\/wp-content\/uploads\/2021\/06\/03-Rafico-el-contador-de-Historias-675x1024.jpg 675w, https:\/\/kishwar-ecuador.org\/wp-content\/uploads\/2021\/06\/03-Rafico-el-contador-de-Historias-198x300.jpg 198w, https:\/\/kishwar-ecuador.org\/wp-content\/uploads\/2021\/06\/03-Rafico-el-contador-de-Historias-768x1166.jpg 768w, https:\/\/kishwar-ecuador.org\/wp-content\/uploads\/2021\/06\/03-Rafico-el-contador-de-Historias-1012x1536.jpg 1012w, https:\/\/kishwar-ecuador.org\/wp-content\/uploads\/2021\/06\/03-Rafico-el-contador-de-Historias-1349x2048.jpg 1349w, https:\/\/kishwar-ecuador.org\/wp-content\/uploads\/2021\/06\/03-Rafico-el-contador-de-Historias-100x152.jpg 100w, https:\/\/kishwar-ecuador.org\/wp-content\/uploads\/2021\/06\/03-Rafico-el-contador-de-Historias-1384x2101.jpg 1384w, https:\/\/kishwar-ecuador.org\/wp-content\/uploads\/2021\/06\/03-Rafico-el-contador-de-Historias-scaled.jpg 1687w\" sizes=\"auto, (max-width: 675px) 100vw, 675px\" \/><figcaption class=\"blocks-gallery-item__caption\"><strong>Rafico, der \u00c4lteste erz\u00e4hlt Geschichten von den Bergen, den Tieren, von tausendj\u00e4hrigen Figuren &#8211; er ist die Inspirationsquelle f\u00fcr die Wandmalerei.<\/strong><\/figcaption><\/figure><\/li><li class=\"blocks-gallery-item\"><figure><img loading=\"lazy\" decoding=\"async\" width=\"735\" height=\"1024\" src=\"https:\/\/kishwar-ecuador.org\/wp-content\/uploads\/2021\/06\/04-las-llamas-son-bienvenidas-como-modelos-735x1024.jpg\" alt=\"\" data-id=\"1127\" data-full-url=\"https:\/\/kishwar-ecuador.org\/wp-content\/uploads\/2021\/06\/04-las-llamas-son-bienvenidas-como-modelos-scaled.jpg\" data-link=\"https:\/\/kishwar-ecuador.org\/04-las-llamas-son-bienvenidas-como-modelos\/\" class=\"wp-image-1127\" srcset=\"https:\/\/kishwar-ecuador.org\/wp-content\/uploads\/2021\/06\/04-las-llamas-son-bienvenidas-como-modelos-735x1024.jpg 735w, https:\/\/kishwar-ecuador.org\/wp-content\/uploads\/2021\/06\/04-las-llamas-son-bienvenidas-como-modelos-215x300.jpg 215w, https:\/\/kishwar-ecuador.org\/wp-content\/uploads\/2021\/06\/04-las-llamas-son-bienvenidas-como-modelos-768x1069.jpg 768w, https:\/\/kishwar-ecuador.org\/wp-content\/uploads\/2021\/06\/04-las-llamas-son-bienvenidas-como-modelos-1103x1536.jpg 1103w, https:\/\/kishwar-ecuador.org\/wp-content\/uploads\/2021\/06\/04-las-llamas-son-bienvenidas-como-modelos-1471x2048.jpg 1471w, https:\/\/kishwar-ecuador.org\/wp-content\/uploads\/2021\/06\/04-las-llamas-son-bienvenidas-como-modelos-100x139.jpg 100w, https:\/\/kishwar-ecuador.org\/wp-content\/uploads\/2021\/06\/04-las-llamas-son-bienvenidas-como-modelos-1384x1927.jpg 1384w, https:\/\/kishwar-ecuador.org\/wp-content\/uploads\/2021\/06\/04-las-llamas-son-bienvenidas-como-modelos-scaled.jpg 1838w\" sizes=\"auto, (max-width: 735px) 100vw, 735px\" \/><figcaption class=\"blocks-gallery-item__caption\"><strong>Die Lamas sind willkommen und dienen als Modelle. \u00a0<\/strong><\/figcaption><\/figure><\/li><li class=\"blocks-gallery-item\"><figure><img loading=\"lazy\" decoding=\"async\" width=\"1024\" height=\"901\" src=\"https:\/\/kishwar-ecuador.org\/wp-content\/uploads\/2021\/06\/05-dialogan-pintando-1024x901.jpg\" alt=\"\" data-id=\"1125\" data-full-url=\"https:\/\/kishwar-ecuador.org\/wp-content\/uploads\/2021\/06\/05-dialogan-pintando-scaled.jpg\" data-link=\"https:\/\/kishwar-ecuador.org\/05-dialogan-pintando\/\" class=\"wp-image-1125\" srcset=\"https:\/\/kishwar-ecuador.org\/wp-content\/uploads\/2021\/06\/05-dialogan-pintando-1024x901.jpg 1024w, https:\/\/kishwar-ecuador.org\/wp-content\/uploads\/2021\/06\/05-dialogan-pintando-300x264.jpg 300w, https:\/\/kishwar-ecuador.org\/wp-content\/uploads\/2021\/06\/05-dialogan-pintando-768x675.jpg 768w, https:\/\/kishwar-ecuador.org\/wp-content\/uploads\/2021\/06\/05-dialogan-pintando-1536x1351.jpg 1536w, https:\/\/kishwar-ecuador.org\/wp-content\/uploads\/2021\/06\/05-dialogan-pintando-2048x1801.jpg 2048w, https:\/\/kishwar-ecuador.org\/wp-content\/uploads\/2021\/06\/05-dialogan-pintando-100x88.jpg 100w, https:\/\/kishwar-ecuador.org\/wp-content\/uploads\/2021\/06\/05-dialogan-pintando-1384x1217.jpg 1384w\" sizes=\"auto, (max-width: 1024px) 100vw, 1024px\" \/><figcaption class=\"blocks-gallery-item__caption\"><strong>W\u00e4hrend des Malens gibt es viele Gespr\u00e4che, Ideen werden ausgetauscht und die Bilder werden zur Botschaft f\u00fcr die Besuchenden.<\/strong><\/figcaption><\/figure><\/li><\/ul><\/figure>\n\n\n\n<h3 class=\"wp-block-heading\">F\u00fcr Kunst gibt es keine Altersgrenzen\u00a0&#8211; alle sind eingeladen sich einzubringen<\/h3>\n\n\n\n<figure class=\"wp-block-gallery columns-2 is-cropped wp-block-gallery-2 is-layout-flex wp-block-gallery-is-layout-flex\"><ul class=\"blocks-gallery-grid\"><li class=\"blocks-gallery-item\"><figure><img loading=\"lazy\" decoding=\"async\" width=\"1024\" height=\"649\" src=\"https:\/\/kishwar-ecuador.org\/wp-content\/uploads\/2021\/06\/06-para-el-arte-no-hay-edades-1024x649.jpg\" alt=\"\" data-id=\"1123\" data-full-url=\"https:\/\/kishwar-ecuador.org\/wp-content\/uploads\/2021\/06\/06-para-el-arte-no-hay-edades.jpg\" data-link=\"https:\/\/kishwar-ecuador.org\/06-para-el-arte-no-hay-edades\/\" class=\"wp-image-1123\" srcset=\"https:\/\/kishwar-ecuador.org\/wp-content\/uploads\/2021\/06\/06-para-el-arte-no-hay-edades-1024x649.jpg 1024w, https:\/\/kishwar-ecuador.org\/wp-content\/uploads\/2021\/06\/06-para-el-arte-no-hay-edades-300x190.jpg 300w, https:\/\/kishwar-ecuador.org\/wp-content\/uploads\/2021\/06\/06-para-el-arte-no-hay-edades-768x487.jpg 768w, https:\/\/kishwar-ecuador.org\/wp-content\/uploads\/2021\/06\/06-para-el-arte-no-hay-edades-1536x974.jpg 1536w, https:\/\/kishwar-ecuador.org\/wp-content\/uploads\/2021\/06\/06-para-el-arte-no-hay-edades-2048x1299.jpg 2048w, https:\/\/kishwar-ecuador.org\/wp-content\/uploads\/2021\/06\/06-para-el-arte-no-hay-edades-100x63.jpg 100w, https:\/\/kishwar-ecuador.org\/wp-content\/uploads\/2021\/06\/06-para-el-arte-no-hay-edades-1384x878.jpg 1384w\" sizes=\"auto, (max-width: 1024px) 100vw, 1024px\" \/><\/figure><\/li><li class=\"blocks-gallery-item\"><figure><img loading=\"lazy\" decoding=\"async\" width=\"1024\" height=\"679\" src=\"https:\/\/kishwar-ecuador.org\/wp-content\/uploads\/2021\/06\/07-para-el-arte-no-hay-edad-1024x679.jpg\" alt=\"\" data-id=\"1121\" data-full-url=\"https:\/\/kishwar-ecuador.org\/wp-content\/uploads\/2021\/06\/07-para-el-arte-no-hay-edad.jpg\" data-link=\"https:\/\/kishwar-ecuador.org\/07-para-el-arte-no-hay-edad\/\" class=\"wp-image-1121\" srcset=\"https:\/\/kishwar-ecuador.org\/wp-content\/uploads\/2021\/06\/07-para-el-arte-no-hay-edad-1024x679.jpg 1024w, https:\/\/kishwar-ecuador.org\/wp-content\/uploads\/2021\/06\/07-para-el-arte-no-hay-edad-300x199.jpg 300w, https:\/\/kishwar-ecuador.org\/wp-content\/uploads\/2021\/06\/07-para-el-arte-no-hay-edad-768x509.jpg 768w, https:\/\/kishwar-ecuador.org\/wp-content\/uploads\/2021\/06\/07-para-el-arte-no-hay-edad-1536x1018.jpg 1536w, https:\/\/kishwar-ecuador.org\/wp-content\/uploads\/2021\/06\/07-para-el-arte-no-hay-edad-2048x1358.jpg 2048w, https:\/\/kishwar-ecuador.org\/wp-content\/uploads\/2021\/06\/07-para-el-arte-no-hay-edad-100x66.jpg 100w, https:\/\/kishwar-ecuador.org\/wp-content\/uploads\/2021\/06\/07-para-el-arte-no-hay-edad-1384x918.jpg 1384w\" sizes=\"auto, (max-width: 1024px) 100vw, 1024px\" \/><\/figure><\/li><li class=\"blocks-gallery-item\"><figure><img loading=\"lazy\" decoding=\"async\" width=\"1024\" height=\"843\" src=\"https:\/\/kishwar-ecuador.org\/wp-content\/uploads\/2021\/06\/08-para-el-arte-no-hay-edades-3-1024x843.jpg\" alt=\"\" data-id=\"1119\" data-full-url=\"https:\/\/kishwar-ecuador.org\/wp-content\/uploads\/2021\/06\/08-para-el-arte-no-hay-edades-3.jpg\" data-link=\"https:\/\/kishwar-ecuador.org\/08-para-el-arte-no-hay-edades-3\/\" class=\"wp-image-1119\" srcset=\"https:\/\/kishwar-ecuador.org\/wp-content\/uploads\/2021\/06\/08-para-el-arte-no-hay-edades-3-1024x843.jpg 1024w, https:\/\/kishwar-ecuador.org\/wp-content\/uploads\/2021\/06\/08-para-el-arte-no-hay-edades-3-300x247.jpg 300w, https:\/\/kishwar-ecuador.org\/wp-content\/uploads\/2021\/06\/08-para-el-arte-no-hay-edades-3-768x632.jpg 768w, https:\/\/kishwar-ecuador.org\/wp-content\/uploads\/2021\/06\/08-para-el-arte-no-hay-edades-3-1536x1264.jpg 1536w, https:\/\/kishwar-ecuador.org\/wp-content\/uploads\/2021\/06\/08-para-el-arte-no-hay-edades-3-2048x1686.jpg 2048w, https:\/\/kishwar-ecuador.org\/wp-content\/uploads\/2021\/06\/08-para-el-arte-no-hay-edades-3-100x82.jpg 100w, https:\/\/kishwar-ecuador.org\/wp-content\/uploads\/2021\/06\/08-para-el-arte-no-hay-edades-3-1384x1139.jpg 1384w\" sizes=\"auto, (max-width: 1024px) 100vw, 1024px\" \/><\/figure><\/li><li class=\"blocks-gallery-item\"><figure><img loading=\"lazy\" decoding=\"async\" width=\"1024\" height=\"698\" src=\"https:\/\/kishwar-ecuador.org\/wp-content\/uploads\/2021\/06\/09-para-el-arte-no-hay-edades-1-1024x698.jpg\" alt=\"\" data-id=\"1117\" data-full-url=\"https:\/\/kishwar-ecuador.org\/wp-content\/uploads\/2021\/06\/09-para-el-arte-no-hay-edades-1.jpg\" data-link=\"https:\/\/kishwar-ecuador.org\/09-para-el-arte-no-hay-edades-1\/\" class=\"wp-image-1117\" srcset=\"https:\/\/kishwar-ecuador.org\/wp-content\/uploads\/2021\/06\/09-para-el-arte-no-hay-edades-1-1024x698.jpg 1024w, https:\/\/kishwar-ecuador.org\/wp-content\/uploads\/2021\/06\/09-para-el-arte-no-hay-edades-1-300x205.jpg 300w, https:\/\/kishwar-ecuador.org\/wp-content\/uploads\/2021\/06\/09-para-el-arte-no-hay-edades-1-768x524.jpg 768w, https:\/\/kishwar-ecuador.org\/wp-content\/uploads\/2021\/06\/09-para-el-arte-no-hay-edades-1-1536x1048.jpg 1536w, https:\/\/kishwar-ecuador.org\/wp-content\/uploads\/2021\/06\/09-para-el-arte-no-hay-edades-1-2048x1397.jpg 2048w, https:\/\/kishwar-ecuador.org\/wp-content\/uploads\/2021\/06\/09-para-el-arte-no-hay-edades-1-100x68.jpg 100w, https:\/\/kishwar-ecuador.org\/wp-content\/uploads\/2021\/06\/09-para-el-arte-no-hay-edades-1-1384x944.jpg 1384w\" sizes=\"auto, (max-width: 1024px) 100vw, 1024px\" \/><\/figure><\/li><li class=\"blocks-gallery-item\"><figure><img loading=\"lazy\" decoding=\"async\" width=\"1024\" height=\"726\" src=\"https:\/\/kishwar-ecuador.org\/wp-content\/uploads\/2021\/06\/10-para-el-arte-no-hay-edades-4-1024x726.jpg\" alt=\"\" data-id=\"1115\" data-full-url=\"https:\/\/kishwar-ecuador.org\/wp-content\/uploads\/2021\/06\/10-para-el-arte-no-hay-edades-4.jpg\" data-link=\"https:\/\/kishwar-ecuador.org\/10-para-el-arte-no-hay-edades-4\/\" class=\"wp-image-1115\" srcset=\"https:\/\/kishwar-ecuador.org\/wp-content\/uploads\/2021\/06\/10-para-el-arte-no-hay-edades-4-1024x726.jpg 1024w, https:\/\/kishwar-ecuador.org\/wp-content\/uploads\/2021\/06\/10-para-el-arte-no-hay-edades-4-300x213.jpg 300w, https:\/\/kishwar-ecuador.org\/wp-content\/uploads\/2021\/06\/10-para-el-arte-no-hay-edades-4-768x545.jpg 768w, https:\/\/kishwar-ecuador.org\/wp-content\/uploads\/2021\/06\/10-para-el-arte-no-hay-edades-4-1536x1089.jpg 1536w, https:\/\/kishwar-ecuador.org\/wp-content\/uploads\/2021\/06\/10-para-el-arte-no-hay-edades-4-2048x1452.jpg 2048w, https:\/\/kishwar-ecuador.org\/wp-content\/uploads\/2021\/06\/10-para-el-arte-no-hay-edades-4-100x71.jpg 100w, https:\/\/kishwar-ecuador.org\/wp-content\/uploads\/2021\/06\/10-para-el-arte-no-hay-edades-4-1384x981.jpg 1384w\" sizes=\"auto, (max-width: 1024px) 100vw, 1024px\" \/><\/figure><\/li><li class=\"blocks-gallery-item\"><figure><img loading=\"lazy\" decoding=\"async\" width=\"1024\" height=\"678\" src=\"https:\/\/kishwar-ecuador.org\/wp-content\/uploads\/2021\/06\/11-para-el-arte-no-hay-edades-2-1024x678.jpg\" alt=\"\" data-id=\"1113\" data-full-url=\"https:\/\/kishwar-ecuador.org\/wp-content\/uploads\/2021\/06\/11-para-el-arte-no-hay-edades-2-scaled.jpg\" data-link=\"https:\/\/kishwar-ecuador.org\/11-para-el-arte-no-hay-edades-2\/\" class=\"wp-image-1113\" srcset=\"https:\/\/kishwar-ecuador.org\/wp-content\/uploads\/2021\/06\/11-para-el-arte-no-hay-edades-2-1024x678.jpg 1024w, https:\/\/kishwar-ecuador.org\/wp-content\/uploads\/2021\/06\/11-para-el-arte-no-hay-edades-2-300x199.jpg 300w, https:\/\/kishwar-ecuador.org\/wp-content\/uploads\/2021\/06\/11-para-el-arte-no-hay-edades-2-768x509.jpg 768w, https:\/\/kishwar-ecuador.org\/wp-content\/uploads\/2021\/06\/11-para-el-arte-no-hay-edades-2-1536x1017.jpg 1536w, https:\/\/kishwar-ecuador.org\/wp-content\/uploads\/2021\/06\/11-para-el-arte-no-hay-edades-2-2048x1357.jpg 2048w, https:\/\/kishwar-ecuador.org\/wp-content\/uploads\/2021\/06\/11-para-el-arte-no-hay-edades-2-100x66.jpg 100w, https:\/\/kishwar-ecuador.org\/wp-content\/uploads\/2021\/06\/11-para-el-arte-no-hay-edades-2-1384x917.jpg 1384w\" sizes=\"auto, (max-width: 1024px) 100vw, 1024px\" \/><\/figure><\/li><\/ul><\/figure>\n\n\n\n<figure class=\"wp-block-gallery columns-1 is-cropped wp-block-gallery-3 is-layout-flex wp-block-gallery-is-layout-flex\"><ul class=\"blocks-gallery-grid\"><li class=\"blocks-gallery-item\"><figure><img loading=\"lazy\" decoding=\"async\" width=\"1024\" height=\"703\" src=\"https:\/\/kishwar-ecuador.org\/wp-content\/uploads\/2021\/06\/12-cocinada-para-todo-el-grupo-1024x703.jpg\" alt=\"\" data-id=\"1111\" data-full-url=\"https:\/\/kishwar-ecuador.org\/wp-content\/uploads\/2021\/06\/12-cocinada-para-todo-el-grupo.jpg\" data-link=\"https:\/\/kishwar-ecuador.org\/12-cocinada-para-todo-el-grupo\/\" class=\"wp-image-1111\" srcset=\"https:\/\/kishwar-ecuador.org\/wp-content\/uploads\/2021\/06\/12-cocinada-para-todo-el-grupo-1024x703.jpg 1024w, https:\/\/kishwar-ecuador.org\/wp-content\/uploads\/2021\/06\/12-cocinada-para-todo-el-grupo-300x206.jpg 300w, https:\/\/kishwar-ecuador.org\/wp-content\/uploads\/2021\/06\/12-cocinada-para-todo-el-grupo-768x527.jpg 768w, https:\/\/kishwar-ecuador.org\/wp-content\/uploads\/2021\/06\/12-cocinada-para-todo-el-grupo-1536x1054.jpg 1536w, https:\/\/kishwar-ecuador.org\/wp-content\/uploads\/2021\/06\/12-cocinada-para-todo-el-grupo-2048x1406.jpg 2048w, https:\/\/kishwar-ecuador.org\/wp-content\/uploads\/2021\/06\/12-cocinada-para-todo-el-grupo-100x69.jpg 100w, https:\/\/kishwar-ecuador.org\/wp-content\/uploads\/2021\/06\/12-cocinada-para-todo-el-grupo-1384x950.jpg 1384w\" sizes=\"auto, (max-width: 1024px) 100vw, 1024px\" \/><figcaption class=\"blocks-gallery-item__caption\"><strong>Kochen und Essen in der Gruppe, jede und jeder bringt etwas \u00a0mit\u2026<\/strong><\/figcaption><\/figure><\/li><li class=\"blocks-gallery-item\"><figure><img loading=\"lazy\" decoding=\"async\" width=\"1024\" height=\"672\" src=\"https:\/\/kishwar-ecuador.org\/wp-content\/uploads\/2021\/06\/13-preparando-la-lana-para-el-hilado-1024x672.jpg\" alt=\"\" data-id=\"1109\" data-full-url=\"https:\/\/kishwar-ecuador.org\/wp-content\/uploads\/2021\/06\/13-preparando-la-lana-para-el-hilado-scaled.jpg\" data-link=\"https:\/\/kishwar-ecuador.org\/13-preparando-la-lana-para-el-hilado\/\" class=\"wp-image-1109\" srcset=\"https:\/\/kishwar-ecuador.org\/wp-content\/uploads\/2021\/06\/13-preparando-la-lana-para-el-hilado-1024x672.jpg 1024w, https:\/\/kishwar-ecuador.org\/wp-content\/uploads\/2021\/06\/13-preparando-la-lana-para-el-hilado-300x197.jpg 300w, https:\/\/kishwar-ecuador.org\/wp-content\/uploads\/2021\/06\/13-preparando-la-lana-para-el-hilado-768x504.jpg 768w, https:\/\/kishwar-ecuador.org\/wp-content\/uploads\/2021\/06\/13-preparando-la-lana-para-el-hilado-1536x1008.jpg 1536w, https:\/\/kishwar-ecuador.org\/wp-content\/uploads\/2021\/06\/13-preparando-la-lana-para-el-hilado-2048x1344.jpg 2048w, https:\/\/kishwar-ecuador.org\/wp-content\/uploads\/2021\/06\/13-preparando-la-lana-para-el-hilado-100x66.jpg 100w, https:\/\/kishwar-ecuador.org\/wp-content\/uploads\/2021\/06\/13-preparando-la-lana-para-el-hilado-1384x908.jpg 1384w\" sizes=\"auto, (max-width: 1024px) 100vw, 1024px\" \/><figcaption class=\"blocks-gallery-item__caption\"><strong>Da nicht alle gleichzeitig malen k\u00f6nnen, wird gleichzeitig auch noch Wolle zum Spinnen vorbereitet.<\/strong><\/figcaption><\/figure><\/li><\/ul><\/figure>\n","protected":false},"excerpt":{"rendered":"<p>Im November fanden die ersten Kontakte und Treffen in der Gemeinde Rumicruz in der Provinz Chimborazo statt. Seither fanden &#8211; ausser in der Karnevalszeit &#8211; jeden Dienstag Workshops statt. Wie im Projektbeschrieb KIPI festgehalten, geht &#8230; <a href=\"https:\/\/kishwar-ecuador.org\/de\/apoyando-al-fortalecimiento-de-la-organizacion-de-mujeres-kichwas-en-rumicruz-parte-2\/\" class=\"more-link\">Read More<\/a><\/p>\n","protected":false},"author":1,"featured_media":1126,"comment_status":"closed","ping_status":"open","sticky":false,"template":"","format":"standard","meta":{"footnotes":""},"categories":[8],"tags":[],"class_list":["post-1138","post","type-post","status-publish","format-standard","has-post-thumbnail","hentry","category-unkategorisiert"],"_links":{"self":[{"href":"https:\/\/kishwar-ecuador.org\/de\/wp-json\/wp\/v2\/posts\/1138","targetHints":{"allow":["GET"]}}],"collection":[{"href":"https:\/\/kishwar-ecuador.org\/de\/wp-json\/wp\/v2\/posts"}],"about":[{"href":"https:\/\/kishwar-ecuador.org\/de\/wp-json\/wp\/v2\/types\/post"}],"author":[{"embeddable":true,"href":"https:\/\/kishwar-ecuador.org\/de\/wp-json\/wp\/v2\/users\/1"}],"replies":[{"embeddable":true,"href":"https:\/\/kishwar-ecuador.org\/de\/wp-json\/wp\/v2\/comments?post=1138"}],"version-history":[{"count":0,"href":"https:\/\/kishwar-ecuador.org\/de\/wp-json\/wp\/v2\/posts\/1138\/revisions"}],"wp:featuredmedia":[{"embeddable":true,"href":"https:\/\/kishwar-ecuador.org\/de\/wp-json\/wp\/v2\/media\/1126"}],"wp:attachment":[{"href":"https:\/\/kishwar-ecuador.org\/de\/wp-json\/wp\/v2\/media?parent=1138"}],"wp:term":[{"taxonomy":"category","embeddable":true,"href":"https:\/\/kishwar-ecuador.org\/de\/wp-json\/wp\/v2\/categories?post=1138"},{"taxonomy":"post_tag","embeddable":true,"href":"https:\/\/kishwar-ecuador.org\/de\/wp-json\/wp\/v2\/tags?post=1138"}],"curies":[{"name":"wp","href":"https:\/\/api.w.org\/{rel}","templated":true}]}}